{"id":3343,"date":"2023-08-02T14:51:05","date_gmt":"2023-08-02T14:51:05","guid":{"rendered":"https:\/\/www.gruenweisserfurt.de\/?p=3343"},"modified":"2023-08-02T14:51:07","modified_gmt":"2023-08-02T14:51:07","slug":"ruhe-in-frieden-paule","status":"publish","type":"post","link":"https:\/\/www.gruenweisserfurt.de\/?p=3343","title":{"rendered":"Ruhe in Frieden, Paule!"},"content":{"rendered":"\n<p>Mit Best\u00fcrzung haben wir die traurige Nachricht \u00fcber den Tod von Paul Sucholdt erhalten.<br><br>Paule begleitete den VfB seit den 70er Jahren und begann damals noch beim Vorg\u00e4nger Aufbau Erfurt. In diesen nunmehr 50 Jahren hielt er dem Verein immer die Treue, unter anderem als Nachwuchstrainer, Abteilungsleiter und Schiedsrichter. Auch im hohen Alter begleitete er noch die zweite Mannschaft als Betreuer. <\/p>\n\n\n\n<p>Deine Geschichten rund um den Fu\u00dfball werden am Johannesplatz fehlen!<br><br>Ruhe in Frieden, Paule!<\/p>\n","protected":false},"excerpt":{"rendered":"<p>Mit Best\u00fcrzung haben wir die traurige Nachricht \u00fcber den Tod von Paul Sucholdt erhalten. Paule begleitete den VfB seit den 70er Jahren und begann damals noch beim Vorg\u00e4nger Aufbau Erfurt. In diesen nunmehr 50 Jahren hielt er dem Verein immer die Treue, unter anderem als Nachwuchstrainer, Abteilungsleiter und Schiedsrichter. Auch im hohen Alter begleitete er&#8230;<\/p>\n","protected":false},"author":1,"featured_media":3344,"comment_status":"closed","ping_status":"open","sticky":false,"template":"","format":"standard","meta":{"footnotes":""},"categories":[95],"tags":[],"jetpack_featured_media_url":"https:\/\/www.gruenweisserfurt.de\/wp-content\/uploads\/2023\/08\/paule.png","_links":{"self":[{"href":"https:\/\/www.gruenweisserfurt.de\/index.php?rest_route=\/wp\/v2\/posts\/3343"}],"collection":[{"href":"https:\/\/www.gruenweisserfurt.de\/index.php?rest_route=\/wp\/v2\/posts"}],"about":[{"href":"https:\/\/www.gruenweisserfurt.de\/index.php?rest_route=\/wp\/v2\/types\/post"}],"author":[{"embeddable":true,"href":"https:\/\/www.gruenweisserfurt.de\/index.php?rest_route=\/wp\/v2\/users\/1"}],"replies":[{"embeddable":true,"href":"https:\/\/www.gruenweisserfurt.de\/index.php?rest_route=%2Fwp%2Fv2%2Fcomments&post=3343"}],"version-history":[{"count":1,"href":"https:\/\/www.gruenweisserfurt.de\/index.php?rest_route=\/wp\/v2\/posts\/3343\/revisions"}],"predecessor-version":[{"id":3345,"href":"https:\/\/www.gruenweisserfurt.de\/index.php?rest_route=\/wp\/v2\/posts\/3343\/revisions\/3345"}],"wp:featuredmedia":[{"embeddable":true,"href":"https:\/\/www.gruenweisserfurt.de\/index.php?rest_route=\/wp\/v2\/media\/3344"}],"wp:attachment":[{"href":"https:\/\/www.gruenweisserfurt.de\/index.php?rest_route=%2Fwp%2Fv2%2Fmedia&parent=3343"}],"wp:term":[{"taxonomy":"category","embeddable":true,"href":"https:\/\/www.gruenweisserfurt.de\/index.php?rest_route=%2Fwp%2Fv2%2Fcategories&post=3343"},{"taxonomy":"post_tag","embeddable":true,"href":"https:\/\/www.gruenweisserfurt.de\/index.php?rest_route=%2Fwp%2Fv2%2Ftags&post=3343"}],"curies":[{"name":"wp","href":"https:\/\/api.w.org\/{rel}","templated":true}]}}