{"id":3038,"date":"2021-05-04T20:44:57","date_gmt":"2021-05-04T20:44:57","guid":{"rendered":"https:\/\/www.gruenweisserfurt.de\/?p=3038"},"modified":"2021-05-04T20:45:05","modified_gmt":"2021-05-04T20:45:05","slug":"wir-sind-zurueck-auf-dem-platz","status":"publish","type":"post","link":"https:\/\/www.gruenweisserfurt.de\/?p=3038","title":{"rendered":"Wir sind zur\u00fcck auf dem Platz !"},"content":{"rendered":"\n<p>manche behaupten ja sie w\u00e4ren die ersten &#8230;aber nein , der VfB GW90 ist auch zur\u00fcck auf dem Platz !Hier die Bilder von unserer R\u00fcckkehr!  <\/p>\n\n\n\n<figure class=\"wp-block-image size-large\"><img loading=\"lazy\" decoding=\"async\" width=\"1600\" height=\"682\" src=\"https:\/\/www.gruenweisserfurt.de\/wp-content\/uploads\/2021\/05\/ebaaf385-3faf-4a5d-b2fa-c78c355d88ac.jpg\" alt=\"\" class=\"wp-image-3036\" srcset=\"https:\/\/www.gruenweisserfurt.de\/wp-content\/uploads\/2021\/05\/ebaaf385-3faf-4a5d-b2fa-c78c355d88ac.jpg 1600w, https:\/\/www.gruenweisserfurt.de\/wp-content\/uploads\/2021\/05\/ebaaf385-3faf-4a5d-b2fa-c78c355d88ac-300x128.jpg 300w, https:\/\/www.gruenweisserfurt.de\/wp-content\/uploads\/2021\/05\/ebaaf385-3faf-4a5d-b2fa-c78c355d88ac-1024x436.jpg 1024w, https:\/\/www.gruenweisserfurt.de\/wp-content\/uploads\/2021\/05\/ebaaf385-3faf-4a5d-b2fa-c78c355d88ac-768x327.jpg 768w, https:\/\/www.gruenweisserfurt.de\/wp-content\/uploads\/2021\/05\/ebaaf385-3faf-4a5d-b2fa-c78c355d88ac-1536x655.jpg 1536w, https:\/\/www.gruenweisserfurt.de\/wp-content\/uploads\/2021\/05\/ebaaf385-3faf-4a5d-b2fa-c78c355d88ac-128x55.jpg 128w, https:\/\/www.gruenweisserfurt.de\/wp-content\/uploads\/2021\/05\/ebaaf385-3faf-4a5d-b2fa-c78c355d88ac-32x14.jpg 32w, https:\/\/www.gruenweisserfurt.de\/wp-content\/uploads\/2021\/05\/ebaaf385-3faf-4a5d-b2fa-c78c355d88ac-98x42.jpg 98w, https:\/\/www.gruenweisserfurt.de\/wp-content\/uploads\/2021\/05\/ebaaf385-3faf-4a5d-b2fa-c78c355d88ac-600x256.jpg 600w\" sizes=\"(max-width: 1600px) 100vw, 1600px\" \/><\/figure>\n\n\n\n<figure class=\"wp-block-image size-large\"><img loading=\"lazy\" decoding=\"async\" width=\"1600\" height=\"1200\" src=\"https:\/\/www.gruenweisserfurt.de\/wp-content\/uploads\/2021\/05\/cd2ced4d-677c-4126-a3e6-88b757c63eaa.jpg\" alt=\"\" class=\"wp-image-3037\" srcset=\"https:\/\/www.gruenweisserfurt.de\/wp-content\/uploads\/2021\/05\/cd2ced4d-677c-4126-a3e6-88b757c63eaa.jpg 1600w, https:\/\/www.gruenweisserfurt.de\/wp-content\/uploads\/2021\/05\/cd2ced4d-677c-4126-a3e6-88b757c63eaa-300x225.jpg 300w, https:\/\/www.gruenweisserfurt.de\/wp-content\/uploads\/2021\/05\/cd2ced4d-677c-4126-a3e6-88b757c63eaa-1024x768.jpg 1024w, https:\/\/www.gruenweisserfurt.de\/wp-content\/uploads\/2021\/05\/cd2ced4d-677c-4126-a3e6-88b757c63eaa-768x576.jpg 768w, https:\/\/www.gruenweisserfurt.de\/wp-content\/uploads\/2021\/05\/cd2ced4d-677c-4126-a3e6-88b757c63eaa-1536x1152.jpg 1536w, https:\/\/www.gruenweisserfurt.de\/wp-content\/uploads\/2021\/05\/cd2ced4d-677c-4126-a3e6-88b757c63eaa-128x96.jpg 128w, https:\/\/www.gruenweisserfurt.de\/wp-content\/uploads\/2021\/05\/cd2ced4d-677c-4126-a3e6-88b757c63eaa-32x24.jpg 32w, https:\/\/www.gruenweisserfurt.de\/wp-content\/uploads\/2021\/05\/cd2ced4d-677c-4126-a3e6-88b757c63eaa-98x74.jpg 98w, https:\/\/www.gruenweisserfurt.de\/wp-content\/uploads\/2021\/05\/cd2ced4d-677c-4126-a3e6-88b757c63eaa-160x120.jpg 160w, https:\/\/www.gruenweisserfurt.de\/wp-content\/uploads\/2021\/05\/cd2ced4d-677c-4126-a3e6-88b757c63eaa-600x450.jpg 600w\" sizes=\"(max-width: 1600px) 100vw, 1600px\" \/><\/figure>\n\n\n\n<p><\/p>\n","protected":false},"excerpt":{"rendered":"<p>manche behaupten ja sie w\u00e4ren die ersten &#8230;aber nein , der VfB GW90 ist auch zur\u00fcck auf dem Platz !Hier die Bilder von unserer R\u00fcckkehr!<\/p>\n","protected":false},"author":3,"featured_media":0,"comment_status":"closed","ping_status":"open","sticky":false,"template":"","format":"standard","meta":{"footnotes":""},"categories":[95],"tags":[],"jetpack_featured_media_url":"","_links":{"self":[{"href":"https:\/\/www.gruenweisserfurt.de\/index.php?rest_route=\/wp\/v2\/posts\/3038"}],"collection":[{"href":"https:\/\/www.gruenweisserfurt.de\/index.php?rest_route=\/wp\/v2\/posts"}],"about":[{"href":"https:\/\/www.gruenweisserfurt.de\/index.php?rest_route=\/wp\/v2\/types\/post"}],"author":[{"embeddable":true,"href":"https:\/\/www.gruenweisserfurt.de\/index.php?rest_route=\/wp\/v2\/users\/3"}],"replies":[{"embeddable":true,"href":"https:\/\/www.gruenweisserfurt.de\/index.php?rest_route=%2Fwp%2Fv2%2Fcomments&post=3038"}],"version-history":[{"count":1,"href":"https:\/\/www.gruenweisserfurt.de\/index.php?rest_route=\/wp\/v2\/posts\/3038\/revisions"}],"predecessor-version":[{"id":3039,"href":"https:\/\/www.gruenweisserfurt.de\/index.php?rest_route=\/wp\/v2\/posts\/3038\/revisions\/3039"}],"wp:attachment":[{"href":"https:\/\/www.gruenweisserfurt.de\/index.php?rest_route=%2Fwp%2Fv2%2Fmedia&parent=3038"}],"wp:term":[{"taxonomy":"category","embeddable":true,"href":"https:\/\/www.gruenweisserfurt.de\/index.php?rest_route=%2Fwp%2Fv2%2Fcategories&post=3038"},{"taxonomy":"post_tag","embeddable":true,"href":"https:\/\/www.gruenweisserfurt.de\/index.php?rest_route=%2Fwp%2Fv2%2Ftags&post=3038"}],"curies":[{"name":"wp","href":"https:\/\/api.w.org\/{rel}","templated":true}]}}