{"id":3034,"date":"2021-05-02T18:16:02","date_gmt":"2021-05-02T18:16:02","guid":{"rendered":"https:\/\/www.gruenweisserfurt.de\/?p=3034"},"modified":"2021-05-02T18:16:13","modified_gmt":"2021-05-02T18:16:13","slug":"zurueck-auf-den-rasen","status":"publish","type":"post","link":"https:\/\/www.gruenweisserfurt.de\/?p=3034","title":{"rendered":"Zur\u00fcck auf den Rasen &#8230;"},"content":{"rendered":"\n<figure class=\"wp-block-image size-large\"><img loading=\"lazy\" decoding=\"async\" width=\"1300\" height=\"975\" src=\"https:\/\/www.gruenweisserfurt.de\/wp-content\/uploads\/2021\/05\/img_0175.jpg\" alt=\"\" class=\"wp-image-3033\" srcset=\"https:\/\/www.gruenweisserfurt.de\/wp-content\/uploads\/2021\/05\/img_0175.jpg 1300w, https:\/\/www.gruenweisserfurt.de\/wp-content\/uploads\/2021\/05\/img_0175-300x225.jpg 300w, https:\/\/www.gruenweisserfurt.de\/wp-content\/uploads\/2021\/05\/img_0175-1024x768.jpg 1024w, https:\/\/www.gruenweisserfurt.de\/wp-content\/uploads\/2021\/05\/img_0175-768x576.jpg 768w, https:\/\/www.gruenweisserfurt.de\/wp-content\/uploads\/2021\/05\/img_0175-128x96.jpg 128w, https:\/\/www.gruenweisserfurt.de\/wp-content\/uploads\/2021\/05\/img_0175-32x24.jpg 32w, https:\/\/www.gruenweisserfurt.de\/wp-content\/uploads\/2021\/05\/img_0175-98x74.jpg 98w, https:\/\/www.gruenweisserfurt.de\/wp-content\/uploads\/2021\/05\/img_0175-160x120.jpg 160w, https:\/\/www.gruenweisserfurt.de\/wp-content\/uploads\/2021\/05\/img_0175-600x450.jpg 600w\" sizes=\"(max-width: 1300px) 100vw, 1300px\" \/><\/figure>\n\n\n\n<p>Gruppen von bis zu f\u00fcnf Kindern unter 14 Jahren k\u00f6nnen in Th\u00fcringen k\u00fcnftig wieder unter freiem Himmel Sport treiben.  <\/p>\n\n\n\n<p>Aktuell arbeiten wir am Hygienekonzept um voraussichtlich in der kommenden Woche auf dem Platz zur\u00fcckzukehren!<\/p>\n","protected":false},"excerpt":{"rendered":"<p>Gruppen von bis zu f\u00fcnf Kindern unter 14 Jahren k\u00f6nnen in Th\u00fcringen k\u00fcnftig wieder unter freiem Himmel Sport treiben. Aktuell arbeiten wir am Hygienekonzept um voraussichtlich in der kommenden Woche auf dem Platz zur\u00fcckzukehren!<\/p>\n","protected":false},"author":3,"featured_media":0,"comment_status":"closed","ping_status":"open","sticky":false,"template":"","format":"standard","meta":{"footnotes":""},"categories":[95],"tags":[],"jetpack_featured_media_url":"","_links":{"self":[{"href":"https:\/\/www.gruenweisserfurt.de\/index.php?rest_route=\/wp\/v2\/posts\/3034"}],"collection":[{"href":"https:\/\/www.gruenweisserfurt.de\/index.php?rest_route=\/wp\/v2\/posts"}],"about":[{"href":"https:\/\/www.gruenweisserfurt.de\/index.php?rest_route=\/wp\/v2\/types\/post"}],"author":[{"embeddable":true,"href":"https:\/\/www.gruenweisserfurt.de\/index.php?rest_route=\/wp\/v2\/users\/3"}],"replies":[{"embeddable":true,"href":"https:\/\/www.gruenweisserfurt.de\/index.php?rest_route=%2Fwp%2Fv2%2Fcomments&post=3034"}],"version-history":[{"count":1,"href":"https:\/\/www.gruenweisserfurt.de\/index.php?rest_route=\/wp\/v2\/posts\/3034\/revisions"}],"predecessor-version":[{"id":3035,"href":"https:\/\/www.gruenweisserfurt.de\/index.php?rest_route=\/wp\/v2\/posts\/3034\/revisions\/3035"}],"wp:attachment":[{"href":"https:\/\/www.gruenweisserfurt.de\/index.php?rest_route=%2Fwp%2Fv2%2Fmedia&parent=3034"}],"wp:term":[{"taxonomy":"category","embeddable":true,"href":"https:\/\/www.gruenweisserfurt.de\/index.php?rest_route=%2Fwp%2Fv2%2Fcategories&post=3034"},{"taxonomy":"post_tag","embeddable":true,"href":"https:\/\/www.gruenweisserfurt.de\/index.php?rest_route=%2Fwp%2Fv2%2Ftags&post=3034"}],"curies":[{"name":"wp","href":"https:\/\/api.w.org\/{rel}","templated":true}]}}