{"id":2582,"date":"2020-05-27T04:57:06","date_gmt":"2020-05-27T04:57:06","guid":{"rendered":"https:\/\/www.gruenweisserfurt.de\/?p=2582"},"modified":"2020-05-27T04:57:06","modified_gmt":"2020-05-27T04:57:06","slug":"trainingsstart-des-vfb","status":"publish","type":"post","link":"https:\/\/www.gruenweisserfurt.de\/?p=2582","title":{"rendered":"Trainingsstart des VfB"},"content":{"rendered":"\n<p>Der VfB trainiert wieder! Die aktuelle Situation erfordert viel von uns allen. Wir haben in den letzten Tagen hart f\u00fcr den Neustart gek\u00e4mpft und ein eigenes Hygienekonzept auf die Beine gestellt. Selbstverst\u00e4ndlich werden die Rahmenleitplanken des Bundes, des Landes und der Kommune eingehalten. In R\u00fccksprache mit dem LSB als auch dem ESB durften wir also gestern wieder mit dem Freilufttraining beginnen. Zuvor wurde unseren Trainer entsprechend in das Hygienekonzept eingewiesen. Vorbereitete Formulare zur Dokumentation als auch weitere technische Hilfsmittel stehen unseren Trainern zur Verf\u00fcgung um den notwendigen b\u00fcrokratischen Aufwand so gering wie m\u00f6glich und so effizient wie n\u00f6tig zu gestalten, denn die Sicherheit aller Beteiligter ist uns sehr wichtig.<\/p>\n\n\n\n<p>Mit dem gestrigen Tag starteten die F-I, E-I, D, C und B Junioren in das Training und der Andrang war gro\u00df. Ca. 50 Fussballer*innen bewegten sich gestern bei sch\u00f6nstem Wetter wieder mit ihrem hei\u00df geliebtem Sportger\u00e4t am Sportforum Johannesplatz. In den kommenden Tagen werden die weiteren Mannschaften wie unser G, F-II als auch die E-II folgen. Ebenso erwarten wir die R\u00fcckkehr unserer M\u00e4nnermannschaften auf dem gr\u00fcnen Teppich und dieser ist wahrlich gut durch die Erfurter Sportbetriebe auf uns vorbereitet.<\/p>\n\n\n\n<p>Unseren anderen Abteilungen: Volleyball, Kegeln und Gymnastik m\u00fcssen leider noch Geduld im Kontext der Wiederaufnahme des Trainings beweisen, da die notwendigen Sporteinrichtungen noch nicht wieder freigegeben sind. Ausnahmen bilden die Freigaben mit weiteren speziellen Auflagen f\u00fcr die Riethsporthalle und die Eishalle.<\/p>\n\n\n\n<p>Wir freuen uns, unseren Mitgliedern wieder Trainingseinheiten anbieten zu k\u00f6nnen. Wir w\u00fcnschen euch\/uns viel Spa\u00df beim Training und vor allem Gesundheit!<\/p>\n\n\n\n<p>Fu\u00dfball <strong>Gesund<\/strong> und gemeinsam erleben!<\/p>\n","protected":false},"excerpt":{"rendered":"<p>Der VfB trainiert wieder! Die aktuelle Situation erfordert viel von uns allen. Wir haben in den letzten Tagen hart f\u00fcr den Neustart gek\u00e4mpft und ein eigenes Hygienekonzept auf die Beine gestellt. Selbstverst\u00e4ndlich werden die Rahmenleitplanken des Bundes, des Landes und der Kommune eingehalten. In R\u00fccksprache mit dem LSB als auch dem ESB durften wir also&#8230;<\/p>\n","protected":false},"author":1,"featured_media":2581,"comment_status":"open","ping_status":"open","sticky":false,"template":"","format":"standard","meta":{"footnotes":""},"categories":[95],"tags":[],"jetpack_featured_media_url":"https:\/\/www.gruenweisserfurt.de\/wp-content\/uploads\/2020\/05\/b750144d-538e-4023-aabc-8c5ef76ddb58.jpg","_links":{"self":[{"href":"https:\/\/www.gruenweisserfurt.de\/index.php?rest_route=\/wp\/v2\/posts\/2582"}],"collection":[{"href":"https:\/\/www.gruenweisserfurt.de\/index.php?rest_route=\/wp\/v2\/posts"}],"about":[{"href":"https:\/\/www.gruenweisserfurt.de\/index.php?rest_route=\/wp\/v2\/types\/post"}],"author":[{"embeddable":true,"href":"https:\/\/www.gruenweisserfurt.de\/index.php?rest_route=\/wp\/v2\/users\/1"}],"replies":[{"embeddable":true,"href":"https:\/\/www.gruenweisserfurt.de\/index.php?rest_route=%2Fwp%2Fv2%2Fcomments&post=2582"}],"version-history":[{"count":0,"href":"https:\/\/www.gruenweisserfurt.de\/index.php?rest_route=\/wp\/v2\/posts\/2582\/revisions"}],"wp:featuredmedia":[{"embeddable":true,"href":"https:\/\/www.gruenweisserfurt.de\/index.php?rest_route=\/wp\/v2\/media\/2581"}],"wp:attachment":[{"href":"https:\/\/www.gruenweisserfurt.de\/index.php?rest_route=%2Fwp%2Fv2%2Fmedia&parent=2582"}],"wp:term":[{"taxonomy":"category","embeddable":true,"href":"https:\/\/www.gruenweisserfurt.de\/index.php?rest_route=%2Fwp%2Fv2%2Fcategories&post=2582"},{"taxonomy":"post_tag","embeddable":true,"href":"https:\/\/www.gruenweisserfurt.de\/index.php?rest_route=%2Fwp%2Fv2%2Ftags&post=2582"}],"curies":[{"name":"wp","href":"https:\/\/api.w.org\/{rel}","templated":true}]}}