{"id":1624,"date":"2020-03-12T14:05:28","date_gmt":"2020-03-12T14:05:28","guid":{"rendered":"http:\/\/splash.stylemixthemes.com\/\/?p=1624"},"modified":"2020-03-22T12:38:29","modified_gmt":"2020-03-22T12:38:29","slug":"game-highlights-splashes-at-rhinos","status":"publish","type":"post","link":"https:\/\/www.gruenweisserfurt.de\/?p=1624","title":{"rendered":"Corona: Verein stellt Trainings- und Wettkampfbetrieb ein"},"content":{"rendered":"<p>[vc_row content_placement=&#8220;middle&#8220;][vc_column][vc_column_text css_animation=&#8220;bounceIn&#8220;]<\/p>\n<p style=\"text-align: justify;\">Liebe Gr\u00fcn-Weisse Johannesplatzkicker,<\/p>\n<p>ich wende mich heute pers\u00f6nlich an euch. Die aktuelle Lage im Kontext der Gef\u00e4hrdung der Bev\u00f6lkerung durch die Ausbreitung von Covid-19 f\u00fchrt nahezu st\u00fcndlich zu neuen Lagebewertungen seitens der zust\u00e4ndigen Beh\u00f6rden. Niemand hat sich gew\u00fcnscht, dass wir alle von diesen au\u00dfergew\u00f6hnlichen Ma\u00dfnahmen betroffen sein werden. Diese Ma\u00dfnahmen dienen aber der Vermeidung der weiteren Ausbreitung des Corona-Virus. Mit welchen Auswirkungen wir ausgehend von den getroffenen Entscheidungen in den kommenden Tagen und Wochen zu rechnen haben, ist f\u00fcr uns derzeit nicht absehbar. In den vergangenen Tagen \u00fcberschlugen sich die Ereignisse. Zun\u00e4chst wurde der Wettkampfbetrieb seitens des Th\u00fcringer Fussballverbandes und nachfolgend des Kreisfussballausschuss Erfurt-S\u00f6mmerda bis zum 31.03.2020 ausgesetzt um einer Verbreitung des Viruses entgegenzuwirken. Aktuell gilt diese Aussetzung vorerst bis zum 19.04.2020. Noch am 12.03.2020 entschied der Vorstand des VfB Gr\u00fcn-Weiss 1990 Erfurt e.V. mit sofortiger Wirkung den Spiel- und Trainingsbetrieb einzustellen.Wahrlich keine einfache und auch nicht im Interesse aller getroffene Entscheidung, doch im Nachgang zeigte sich, dass dies der richtige Schritt war. Jeder von uns tr\u00e4gt die Verantwortung jetzt selbstkritisch mit der Situation umzugehen und im Sinne aller f\u00fcr das Allgemeinwohl zu sorgen. Ich bitte hiermit alle Mitglieder, alle Fans, Nahestehende und alle anderen #socialdistancing zu betreiben, auch wenn es schwer f\u00e4llt. Denkt immer daran, dass es auch eure Liebsten treffen kann, was keiner jemandem w\u00fcnscht. Helft alle mit, das wir den Kampf gegen dieses Virus gewinnen werden und alle m\u00f6glichst bald wieder einem geregelterem Leben nachgehen k\u00f6nnen. Jeder von euch kann und muss dazu beitragen, dass wir die Verbreitung mit all unseren Mitteln verhindern und das Virus so nicht auf die Breite, nicht immunisierte Gesellschaft trifft. Sobald wir neue Informationen bez\u00fcglich des Spiel- oder Trainingsbetriebes haben, werden wir diese auf unseren sozialen Kan\u00e4len teilen. Doch bis dahin betreiben wir #socialdistancing und stoppen gemeinsam mit euch die Verbreitung. Die Auswirkungen f\u00fcr unseren Verein sind heute noch nicht absehbar. Es wird sie geben, aber ich kann euch versichern, dass unser Handeln als Vereinsf\u00fchrung darauf ausgerichtet ist, den Schaden bestm\u00f6glich zu begrenzen. Das ist unser Auftrag und unsere Verpflichtung. Ich w\u00fcnsche uns allen, dass die nun getroffenen Ma\u00dfnahmen m\u00f6glichst schnell Wirkung zeigen und zu einer Eind\u00e4mmung von Corona f\u00fchren. Ich hoffe das m\u00f6glichst alle Gesund und vom Corona Virus befreit bleiben. Zudem hoffe ich das wir alle bald wieder ein unbeschwerteres Leben f\u00fchren k\u00f6nnen.<\/p>\n<p>BLEIBT GESUND UND HANDELT RATIONAL.<br \/>\nEuer Pr\u00e4sident<br \/>\nKarsten Noa<\/p>\n","protected":false},"excerpt":{"rendered":"<p>Game Highlights: Splashes at RhinosGame Highlights: Splashes at RhinosGame Highlights: Splashes at RhinosGame Highlights: Splashes at<\/p>\n","protected":false},"author":1,"featured_media":2185,"comment_status":"open","ping_status":"open","sticky":false,"template":"","format":"standard","meta":{"footnotes":""},"categories":[95],"tags":[],"jetpack_featured_media_url":"https:\/\/www.gruenweisserfurt.de\/wp-content\/uploads\/2020\/03\/Placeholder.png","_links":{"self":[{"href":"https:\/\/www.gruenweisserfurt.de\/index.php?rest_route=\/wp\/v2\/posts\/1624"}],"collection":[{"href":"https:\/\/www.gruenweisserfurt.de\/index.php?rest_route=\/wp\/v2\/posts"}],"about":[{"href":"https:\/\/www.gruenweisserfurt.de\/index.php?rest_route=\/wp\/v2\/types\/post"}],"author":[{"embeddable":true,"href":"https:\/\/www.gruenweisserfurt.de\/index.php?rest_route=\/wp\/v2\/users\/1"}],"replies":[{"embeddable":true,"href":"https:\/\/www.gruenweisserfurt.de\/index.php?rest_route=%2Fwp%2Fv2%2Fcomments&post=1624"}],"version-history":[{"count":10,"href":"https:\/\/www.gruenweisserfurt.de\/index.php?rest_route=\/wp\/v2\/posts\/1624\/revisions"}],"predecessor-version":[{"id":2244,"href":"https:\/\/www.gruenweisserfurt.de\/index.php?rest_route=\/wp\/v2\/posts\/1624\/revisions\/2244"}],"wp:featuredmedia":[{"embeddable":true,"href":"https:\/\/www.gruenweisserfurt.de\/index.php?rest_route=\/wp\/v2\/media\/2185"}],"wp:attachment":[{"href":"https:\/\/www.gruenweisserfurt.de\/index.php?rest_route=%2Fwp%2Fv2%2Fmedia&parent=1624"}],"wp:term":[{"taxonomy":"category","embeddable":true,"href":"https:\/\/www.gruenweisserfurt.de\/index.php?rest_route=%2Fwp%2Fv2%2Fcategories&post=1624"},{"taxonomy":"post_tag","embeddable":true,"href":"https:\/\/www.gruenweisserfurt.de\/index.php?rest_route=%2Fwp%2Fv2%2Ftags&post=1624"}],"curies":[{"name":"wp","href":"https:\/\/api.w.org\/{rel}","templated":true}]}}